


{"id":29241,"date":"2024-10-09T11:56:22","date_gmt":"2024-10-09T09:56:22","guid":{"rendered":"https:\/\/kpv-solar.com\/?p=29241"},"modified":"2024-10-09T15:09:59","modified_gmt":"2024-10-09T13:09:59","slug":"neuer-standort-neue-energie-wir-sind-umgezogen","status":"publish","type":"post","link":"https:\/\/kpv-solar.com\/de\/neuer-standort-neue-energie-wir-sind-umgezogen\/","title":{"rendered":"Neuer Standort, neue Energie \u2013 wir sind umgezogen!"},"content":{"rendered":"<p>[et_pb_section fb_built=&#8220;1&#8243; _builder_version=&#8220;4.16&#8243; _module_preset=&#8220;default&#8220; width=&#8220;100%&#8220; module_alignment=&#8220;center&#8220; min_height=&#8220;79.7px&#8220; custom_margin=&#8220;40px||||false|false&#8220; custom_padding=&#8220;1px|42px|54px||false|false&#8220; da_disable_devices=&#8220;off|off|off&#8220; global_colors_info=&#8220;{}&#8220; da_is_popup=&#8220;off&#8220; da_exit_intent=&#8220;off&#8220; da_has_close=&#8220;on&#8220; da_alt_close=&#8220;off&#8220; da_dark_close=&#8220;off&#8220; da_not_modal=&#8220;on&#8220; da_is_singular=&#8220;off&#8220; da_with_loader=&#8220;off&#8220; da_has_shadow=&#8220;on&#8220;][et_pb_row _builder_version=&#8220;4.24.0&#8243; _module_preset=&#8220;default&#8220; width=&#8220;100%&#8220; module_alignment=&#8220;center&#8220; custom_margin=&#8220;35px|1223px||676px|false|false&#8220; custom_padding=&#8220;||0px|||&#8220; global_colors_info=&#8220;{}&#8220;][et_pb_column type=&#8220;4_4&#8243; _builder_version=&#8220;4.16&#8243; _module_preset=&#8220;default&#8220; global_colors_info=&#8220;{}&#8220;][et_pb_image src=&#8220;https:\/\/kpv-solar.com\/wp-content\/uploads\/2024\/10\/Krumpendorf_07.10.2024_DJI_0636-2-scaled.jpg&#8220; alt=&#8220;PV-Invest Krumpendorf&#8220; title_text=&#8220;Neuer Standort Krumpendorf&#8220; force_fullwidth=&#8220;on&#8220; _builder_version=&#8220;4.25.2&#8243; _module_preset=&#8220;default&#8220; max_height=&#8220;775px&#8220; global_colors_info=&#8220;{}&#8220;][\/et_pb_image][\/et_pb_column][\/et_pb_row][et_pb_row _builder_version=&#8220;4.24.0&#8243; _module_preset=&#8220;default&#8220; global_colors_info=&#8220;{}&#8220;][et_pb_column type=&#8220;4_4&#8243; _builder_version=&#8220;4.24.0&#8243; _module_preset=&#8220;default&#8220; global_colors_info=&#8220;{}&#8220;][et_pb_text _builder_version=&#8220;4.25.2&#8243; _module_preset=&#8220;default&#8220; custom_margin=&#8220;37px|||||&#8220; global_colors_info=&#8220;{}&#8220;]<\/p>\n<p><strong>\u200bNeuer Standort, neue Energie \u2013 wir sind umgezogen!<\/strong><\/p>\n<p style=\"text-align: justify;\">Nach intensiven Vorbereitungen, freuen wir uns bekanntgeben zu d\u00fcrfen, dass KPV Solar gemeinsam mit ihrem Headquarter der PV-Invest neue, moderne B\u00fcror\u00e4umlichkeiten in Krumpendorf am W\u00f6rthersee bezogen hat. Der neue Standort bietet ideale Bedingungen f\u00fcr unser stetig wachsendes Team, das nun in einer inspirierenden Umgebung mit direktem Blick auf den W\u00f6rthersee arbeitet. Diese Arbeitsatmosph\u00e4re unterst\u00fctzt unser Bestreben, weiterhin eine f\u00fchrende Rolle im Bereich erneuerbarer Energien zu \u00fcbernehmen.<\/p>\n<p style=\"text-align: justify;\">Mit dem Umzug schaffen wir die Grundlage f\u00fcr weiteres Wachstum. Unsere neuen R\u00e4umlichkeiten erm\u00f6glichen es uns, interne Prozesse zu optimieren und neue, spannende Projekte umzusetzen, um den steigenden Anforderungen des Marktes und den Bed\u00fcrfnissen unserer Investoren und Investorinnen gerecht zu werden. Wir blicken mit Zuversicht in die Zukunft und setzen von hier aus konsequent unsere Vision einer nachhaltigen Energiezukunft um.<\/p>\n<p style=\"text-align: justify;\">Unsere vier neuen Geb\u00e4ude zeichnen sich durch eine besonders umweltfreundliche und energieeffiziente Bauweise aus. Die Fassaden bestehen aus Holz und f\u00fcgen sich nahtlos in die angrenzende Natur ein. Der Standort liegt direkt am Waldrand, wodurch ein naturbelassenes Ambiente mit einem herrlichen Blick auf den W\u00f6rthersee entsteht. Um den Boden m\u00f6glichst unversiegelt zu lassen, wurden die Geb\u00e4ude auf Stelzen errichtet. Auch die Einfahrt wurde nicht betoniert, sondern nur planiert.<\/p>\n<p style=\"text-align: justify;\">In K\u00fcrze werden auf drei der vier Geb\u00e4ude PV-Dachanlagen installiert, um die Sonnenstunden der Region optimal zu nutzen und damit unseren Beitrag zur Energiewende weiter zu st\u00e4rken. Auf einem der D\u00e4cher befindet sich zudem eine gro\u00dfz\u00fcgige Dachterrasse, die unserem Team Raum bietet, die Natur und die beeindruckende Aussicht zu genie\u00dfen.<\/p>\n<p><strong>\ud83d\udccd Unsere neue Adresse: Hauptstra\u00dfe 246, 9201 Krumpendorf am W\u00f6rthersee<\/strong><\/p>\n<p>Ein herzlicher Dank geht an unser Team, das diesen erfolgreichen Umzug mit gro\u00dfem Engagement unterst\u00fctzt hat. Vom neuen Standort aus freuen wir uns darauf, mit frischer Energie weiterzuarbeiten und Sie \u00fcber unsere Fortschritte und Beteiligungsm\u00f6glichkeiten auf dem Laufenden zu halten.<\/p>\n<p>[\/et_pb_text][\/et_pb_column][\/et_pb_row][et_pb_row column_structure=&#8220;1_2,1_2&#8243; _builder_version=&#8220;4.24.0&#8243; _module_preset=&#8220;default&#8220; width=&#8220;100%&#8220; module_alignment=&#8220;center&#8220; custom_margin=&#8220;|1285px||auto||&#8220; custom_padding=&#8220;33px|||||&#8220; global_colors_info=&#8220;{}&#8220;][et_pb_column type=&#8220;1_2&#8243; _builder_version=&#8220;4.16&#8243; _module_preset=&#8220;default&#8220; global_colors_info=&#8220;{}&#8220;][et_pb_image src=&#8220;https:\/\/kpv-solar.com\/wp-content\/uploads\/2024\/10\/Krupendorf_07.10.2024_DJI_0633-2-scaled.jpg&#8220; alt=&#8220;PV-Invest Krumpendorf&#8220; title_text=&#8220;Neuer Standort Krumpendorf&#8220; _builder_version=&#8220;4.25.2&#8243; _module_preset=&#8220;default&#8220; global_colors_info=&#8220;{}&#8220;][\/et_pb_image][et_pb_text _builder_version=&#8220;4.25.2&#8243; _module_preset=&#8220;default&#8220; global_colors_info=&#8220;{}&#8220;]<\/p>\n<p>Bilder: <b>\u00a9<\/b>Robert Ruckhofer, PV-Invest<\/p>\n<p>[\/et_pb_text][\/et_pb_column][et_pb_column type=&#8220;1_2&#8243; _builder_version=&#8220;4.16&#8243; _module_preset=&#8220;default&#8220; global_colors_info=&#8220;{}&#8220;][et_pb_image src=&#8220;https:\/\/kpv-solar.com\/wp-content\/uploads\/2024\/10\/Krumpendorf_07.10.2024_DJI_0647-scaled.jpg&#8220; alt=&#8220;PV-Invest Krumpendorf mit Seeblick&#8220; title_text=&#8220;Neuer Standort Krumpendorf&#8220; _builder_version=&#8220;4.25.2&#8243; _module_preset=&#8220;default&#8220; global_colors_info=&#8220;{}&#8220;][\/et_pb_image][\/et_pb_column][\/et_pb_row][\/et_pb_section]<\/p>\n","protected":false},"excerpt":{"rendered":"<p>Wir freuen wir uns bekanntgeben zu d\u00fcrfen, dass die KPV Solar neue und moderne B\u00fcror\u00e4umlichkeiten in Krumpendorf am W\u00f6rthersee bezogen hat.<\/p>\n","protected":false},"author":2,"featured_media":29253,"comment_status":"closed","ping_status":"closed","sticky":false,"template":"","format":"standard","meta":{"_et_pb_use_builder":"on","_et_pb_old_content":"","_et_gb_content_width":"","footnotes":""},"categories":[29],"tags":[81,80,83,82,84],"class_list":["post-29241","post","type-post","status-publish","format-standard","has-post-thumbnail","hentry","category-presseberichte","tag-erneuerbare-energie","tag-neuer-standort","tag-photovoltaik","tag-pv","tag-zukunft-pv"],"_links":{"self":[{"href":"https:\/\/kpv-solar.com\/de\/wp-json\/wp\/v2\/posts\/29241","targetHints":{"allow":["GET"]}}],"collection":[{"href":"https:\/\/kpv-solar.com\/de\/wp-json\/wp\/v2\/posts"}],"about":[{"href":"https:\/\/kpv-solar.com\/de\/wp-json\/wp\/v2\/types\/post"}],"author":[{"embeddable":true,"href":"https:\/\/kpv-solar.com\/de\/wp-json\/wp\/v2\/users\/2"}],"replies":[{"embeddable":true,"href":"https:\/\/kpv-solar.com\/de\/wp-json\/wp\/v2\/comments?post=29241"}],"version-history":[{"count":28,"href":"https:\/\/kpv-solar.com\/de\/wp-json\/wp\/v2\/posts\/29241\/revisions"}],"predecessor-version":[{"id":29295,"href":"https:\/\/kpv-solar.com\/de\/wp-json\/wp\/v2\/posts\/29241\/revisions\/29295"}],"wp:featuredmedia":[{"embeddable":true,"href":"https:\/\/kpv-solar.com\/de\/wp-json\/wp\/v2\/media\/29253"}],"wp:attachment":[{"href":"https:\/\/kpv-solar.com\/de\/wp-json\/wp\/v2\/media?parent=29241"}],"wp:term":[{"taxonomy":"category","embeddable":true,"href":"https:\/\/kpv-solar.com\/de\/wp-json\/wp\/v2\/categories?post=29241"},{"taxonomy":"post_tag","embeddable":true,"href":"https:\/\/kpv-solar.com\/de\/wp-json\/wp\/v2\/tags?post=29241"}],"curies":[{"name":"wp","href":"https:\/\/api.w.org\/{rel}","templated":true}]}}