


{"id":2977,"date":"2019-01-08T17:05:47","date_gmt":"2019-01-08T16:05:47","guid":{"rendered":"https:\/\/www.kpv-solar.com\/de\/?p=2977"},"modified":"2019-01-08T17:05:47","modified_gmt":"2019-01-08T16:05:47","slug":"derstandard-solarpower-aus-kaernten-fuer-die-neue-metro-in-riad","status":"publish","type":"post","link":"https:\/\/kpv-solar.com\/de\/derstandard-solarpower-aus-kaernten-fuer-die-neue-metro-in-riad\/","title":{"rendered":"<span class=\"icon_globe-2\"><\/span> DerStandard | Solarpower aus K\u00e4rnten f\u00fcr die neue Metro in Riad"},"content":{"rendered":"<p>[et_pb_section bb_built=&#8220;1&#8243;][et_pb_row][et_pb_column type=&#8220;4_4&#8243;][et_pb_text _builder_version=&#8220;3.15&#8243;]<\/p>\n<p>KPV Solar installiert Photovoltaikmodule auf Depotgeb\u00e4uden der U-Bahn in Saudi-Arabiens Hauptstadt.<\/p>\n<p>Bei Energie kannte der Handel bisher nur eine Richtung: Das \u00f6lreiche Saudi-Arabien exportierte und exportiert das Schwarze Gold vorwiegend nach China, Japan und Indien, gr\u00f6\u00dfere Mengen auch nach Europa. Bei Solarenergie ist es anders: Die Saudis, die erneuerbare Energien gerade entdecken, sind auf Importe von Photovoltaikequipment angewiesen. Davon profitiert auch eine Firma aus K\u00e4rnten.<\/p>\n<p>Weiterlesen auf&#8230; <a href=\"https:\/\/derstandard.at\/2000095618950\/Solarpower-aus-Kaernten-fuer-die-neue-Metro-in-Riad\" target=\"_blank\" rel=\"noopener\">https:\/\/derstandard.at\/2000095618950\/Solarpower-aus-Kaernten-fuer-die-neue-Metro-in-Riad<\/a><\/p>\n<p>[\/et_pb_text][\/et_pb_column][\/et_pb_row][\/et_pb_section]<\/p>\n","protected":false},"excerpt":{"rendered":"<p>KPV Solar installiert Photovoltaikmodule auf Depotgeb\u00e4uden der U-Bahn in Saudi-Arabiens Hauptstadt.<\/p>\n","protected":false},"author":2,"featured_media":0,"comment_status":"closed","ping_status":"closed","sticky":false,"template":"","format":"standard","meta":{"_et_pb_use_builder":"on","_et_pb_old_content":"","_et_gb_content_width":"","footnotes":""},"categories":[29],"tags":[],"class_list":["post-2977","post","type-post","status-publish","format-standard","hentry","category-presseberichte"],"_links":{"self":[{"href":"https:\/\/kpv-solar.com\/de\/wp-json\/wp\/v2\/posts\/2977","targetHints":{"allow":["GET"]}}],"collection":[{"href":"https:\/\/kpv-solar.com\/de\/wp-json\/wp\/v2\/posts"}],"about":[{"href":"https:\/\/kpv-solar.com\/de\/wp-json\/wp\/v2\/types\/post"}],"author":[{"embeddable":true,"href":"https:\/\/kpv-solar.com\/de\/wp-json\/wp\/v2\/users\/2"}],"replies":[{"embeddable":true,"href":"https:\/\/kpv-solar.com\/de\/wp-json\/wp\/v2\/comments?post=2977"}],"version-history":[{"count":2,"href":"https:\/\/kpv-solar.com\/de\/wp-json\/wp\/v2\/posts\/2977\/revisions"}],"predecessor-version":[{"id":2979,"href":"https:\/\/kpv-solar.com\/de\/wp-json\/wp\/v2\/posts\/2977\/revisions\/2979"}],"wp:attachment":[{"href":"https:\/\/kpv-solar.com\/de\/wp-json\/wp\/v2\/media?parent=2977"}],"wp:term":[{"taxonomy":"category","embeddable":true,"href":"https:\/\/kpv-solar.com\/de\/wp-json\/wp\/v2\/categories?post=2977"},{"taxonomy":"post_tag","embeddable":true,"href":"https:\/\/kpv-solar.com\/de\/wp-json\/wp\/v2\/tags?post=2977"}],"curies":[{"name":"wp","href":"https:\/\/api.w.org\/{rel}","templated":true}]}}