


{"id":3013,"date":"2020-03-16T14:20:43","date_gmt":"2020-03-16T13:20:43","guid":{"rendered":"https:\/\/www.kpv-solar.com\/de\/?p=3013"},"modified":"2020-03-16T14:24:07","modified_gmt":"2020-03-16T13:24:07","slug":"massnahmen-bezueglich-des-coronavirus","status":"publish","type":"post","link":"https:\/\/kpv-solar.com\/de\/massnahmen-bezueglich-des-coronavirus\/","title":{"rendered":"<span class=\"icon_building\"><\/span> Ma\u00dfnahmen bez\u00fcglich des Coronavirus"},"content":{"rendered":"<p>[et_pb_section fb_built=&#8220;1&#8243; _builder_version=&#8220;4.3.2&#8243;][et_pb_row column_structure=&#8220;1_2,1_2&#8243; _builder_version=&#8220;4.3.2&#8243;][et_pb_column type=&#8220;1_2&#8243; _builder_version=&#8220;4.3.2&#8243;][et_pb_text _builder_version=&#8220;4.3.2&#8243; text_orientation=&#8220;justified&#8220;]<\/p>\n<p>Sehr geehrte Damen und Herren,<br \/>werte Kunden und Partner,<\/p>\n<p>wir m\u00f6chten Sie angesichts der neuesten Entwicklungen rund um das Coronavirus (SARS-CoV-2) dar\u00fcber informieren, dass wir bis auf Weiteres unseren Betrieb auf Home Office umgestellt haben. Die Errichtung und Wartung unserer Kraftwerke werden von unserem Technik-Team uneingeschr\u00e4nkt fortgesetzt. Damit folgen wir direkt den Empfehlungen der Bundesregierung und Beh\u00f6rden im Sinne der Schutzma\u00dfnahmen zur Verhinderung der Ausbreitung des Virus.<\/p>\n<p>Unsere technische Ausstattung erlaubt es uns dar\u00fcber hinaus alle Verwaltungst\u00e4tigkeiten uneingeschr\u00e4nkt fortzusetzen. Wir sind daher weiterhin unter den gewohnten Telefonnummern und E-Mail-Adressen zu den \u00fcblichen Gesch\u00e4ftszeiten f\u00fcr Sie erreichbar.<\/p>\n<p>Wir w\u00fcnschen Ihnen und Ihren Familien viel Kraft und Gesundheit.<\/p>\n<p>Ihre KPV Solar GmbH<\/p>\n<p>[\/et_pb_text][\/et_pb_column][et_pb_column type=&#8220;1_2&#8243; _builder_version=&#8220;4.3.2&#8243;][et_pb_image src=&#8220;https:\/\/www.kpv-solar.com\/de\/wp-content\/uploads\/2020\/03\/virus-1812092-scaled.jpg&#8220; _builder_version=&#8220;4.3.2&#8243;][\/et_pb_image][\/et_pb_column][\/et_pb_row][\/et_pb_section]<\/p>\n","protected":false},"excerpt":{"rendered":"<p>Wir folgen den Empfehlungen der Bundesregierung und verlegen einen Teil unserer Aktivit\u00e4ten ins Home Office. Wir sind weiterhin unter den gewohnten Telefonnummern und E-Mail-Adressen zu den \u00fcblichen Gesch\u00e4ftszeiten f\u00fcr Sie erreichbar.<\/p>\n","protected":false},"author":2,"featured_media":0,"comment_status":"closed","ping_status":"closed","sticky":false,"template":"","format":"standard","meta":{"_et_pb_use_builder":"on","_et_pb_old_content":"","_et_gb_content_width":"","footnotes":""},"categories":[29,1],"tags":[],"class_list":["post-3013","post","type-post","status-publish","format-standard","hentry","category-presseberichte","category-unkategorisiert"],"_links":{"self":[{"href":"https:\/\/kpv-solar.com\/de\/wp-json\/wp\/v2\/posts\/3013","targetHints":{"allow":["GET"]}}],"collection":[{"href":"https:\/\/kpv-solar.com\/de\/wp-json\/wp\/v2\/posts"}],"about":[{"href":"https:\/\/kpv-solar.com\/de\/wp-json\/wp\/v2\/types\/post"}],"author":[{"embeddable":true,"href":"https:\/\/kpv-solar.com\/de\/wp-json\/wp\/v2\/users\/2"}],"replies":[{"embeddable":true,"href":"https:\/\/kpv-solar.com\/de\/wp-json\/wp\/v2\/comments?post=3013"}],"version-history":[{"count":7,"href":"https:\/\/kpv-solar.com\/de\/wp-json\/wp\/v2\/posts\/3013\/revisions"}],"predecessor-version":[{"id":3022,"href":"https:\/\/kpv-solar.com\/de\/wp-json\/wp\/v2\/posts\/3013\/revisions\/3022"}],"wp:attachment":[{"href":"https:\/\/kpv-solar.com\/de\/wp-json\/wp\/v2\/media?parent=3013"}],"wp:term":[{"taxonomy":"category","embeddable":true,"href":"https:\/\/kpv-solar.com\/de\/wp-json\/wp\/v2\/categories?post=3013"},{"taxonomy":"post_tag","embeddable":true,"href":"https:\/\/kpv-solar.com\/de\/wp-json\/wp\/v2\/tags?post=3013"}],"curies":[{"name":"wp","href":"https:\/\/api.w.org\/{rel}","templated":true}]}}