


{"id":3985,"date":"2021-03-18T10:23:41","date_gmt":"2021-03-18T09:23:41","guid":{"rendered":"https:\/\/kpv-solar.com\/?p=3985"},"modified":"2021-09-13T09:56:59","modified_gmt":"2021-09-13T07:56:59","slug":"arbeiten-an-solarthermischer-grossanlage-schreiten-voran","status":"publish","type":"post","link":"https:\/\/kpv-solar.com\/de\/arbeiten-an-solarthermischer-grossanlage-schreiten-voran\/","title":{"rendered":"<span class=\"icon-newspaper\"><\/span> Arbeiten an solarthermischer Gro\u00dfanlage schreiten voran"},"content":{"rendered":"<p>[et_pb_section fb_built=&#8220;1&#8243; _builder_version=&#8220;4.5.8&#8243; _module_preset=&#8220;default&#8220;][et_pb_row _builder_version=&#8220;4.5.8&#8243; _module_preset=&#8220;default&#8220;][et_pb_column type=&#8220;4_4&#8243; _builder_version=&#8220;4.5.8&#8243; _module_preset=&#8220;default&#8220;][et_pb_text _builder_version=&#8220;4.5.8&#8243; _module_preset=&#8220;default&#8220;]<strong>Die Arbeiten f\u00fcr den Bau der solarthermischen Gro\u00dfanlage f\u00fcr die Fernw\u00e4rme Friesach schreiten voran.<\/strong><\/p>\n<p>\u201eDer Stahlbau f\u00fcr den 1.000 Kubikmeter gro\u00dfen W\u00e4rmespeicher konnte bereits abgeschlossen werden. Als n\u00e4chster Schritt wird der W\u00e4rmespeicher mit D\u00e4mm-Material ummantelt\u201c, sagt Gerhard Rabensteiner von \u201eUnser Kraftwerk\u201c<\/p>\n<p>Lesen Sie den gesamten Beitrag hier: <a href=\"https:\/\/www.meinbezirk.at\/st-veit\/c-wirtschaft\/rascher-baufortschritt-bei-der-solarthermie-fuer-die-fernwaerme_a4526306\" target=\"_blank\" rel=\"noopener noreferrer\">https:\/\/www.meinbezirk.at\/st-veit\/c-wirtschaft\/rascher-baufortschritt-bei-der-solarthermie-fuer-die-fernwaerme_a4526306<\/a>[\/et_pb_text][et_pb_image src=&#8220;https:\/\/kpv-solar.com\/wp-content\/uploads\/2021\/03\/KTNW-210317-Friesach.jpg&#8220; alt=&#8220;KTNW 210317 Friesach&#8220; title_text=&#8220;KTNW 210317 Friesach&#8220; _builder_version=&#8220;4.5.8&#8243; _module_preset=&#8220;default&#8220;][\/et_pb_image][\/et_pb_column][\/et_pb_row][\/et_pb_section]<\/p>\n","protected":false},"excerpt":{"rendered":"<p>Die Arbeiten f\u00fcr den Bau der solarthermischen Gro\u00dfanlage f\u00fcr die Fernw\u00e4rme Friesach schreiten voran.<\/p>\n","protected":false},"author":2,"featured_media":3995,"comment_status":"closed","ping_status":"closed","sticky":false,"template":"","format":"standard","meta":{"_et_pb_use_builder":"on","_et_pb_old_content":"","_et_gb_content_width":"","footnotes":""},"categories":[29,1],"tags":[],"class_list":["post-3985","post","type-post","status-publish","format-standard","has-post-thumbnail","hentry","category-presseberichte","category-unkategorisiert"],"_links":{"self":[{"href":"https:\/\/kpv-solar.com\/de\/wp-json\/wp\/v2\/posts\/3985","targetHints":{"allow":["GET"]}}],"collection":[{"href":"https:\/\/kpv-solar.com\/de\/wp-json\/wp\/v2\/posts"}],"about":[{"href":"https:\/\/kpv-solar.com\/de\/wp-json\/wp\/v2\/types\/post"}],"author":[{"embeddable":true,"href":"https:\/\/kpv-solar.com\/de\/wp-json\/wp\/v2\/users\/2"}],"replies":[{"embeddable":true,"href":"https:\/\/kpv-solar.com\/de\/wp-json\/wp\/v2\/comments?post=3985"}],"version-history":[{"count":7,"href":"https:\/\/kpv-solar.com\/de\/wp-json\/wp\/v2\/posts\/3985\/revisions"}],"predecessor-version":[{"id":4007,"href":"https:\/\/kpv-solar.com\/de\/wp-json\/wp\/v2\/posts\/3985\/revisions\/4007"}],"wp:featuredmedia":[{"embeddable":true,"href":"https:\/\/kpv-solar.com\/de\/wp-json\/wp\/v2\/media\/3995"}],"wp:attachment":[{"href":"https:\/\/kpv-solar.com\/de\/wp-json\/wp\/v2\/media?parent=3985"}],"wp:term":[{"taxonomy":"category","embeddable":true,"href":"https:\/\/kpv-solar.com\/de\/wp-json\/wp\/v2\/categories?post=3985"},{"taxonomy":"post_tag","embeddable":true,"href":"https:\/\/kpv-solar.com\/de\/wp-json\/wp\/v2\/tags?post=3985"}],"curies":[{"name":"wp","href":"https:\/\/api.w.org\/{rel}","templated":true}]}}