


{"id":4142,"date":"2021-09-14T14:59:53","date_gmt":"2021-09-14T12:59:53","guid":{"rendered":"https:\/\/kpv-solar.com\/?p=4142"},"modified":"2023-04-25T12:15:06","modified_gmt":"2023-04-25T10:15:06","slug":"solarthermie-anlage-in-friesach-eroeffnet","status":"publish","type":"post","link":"https:\/\/kpv-solar.com\/de\/solarthermie-anlage-in-friesach-eroeffnet\/","title":{"rendered":"<span class=\"icon-newspaper\"><\/span> Solarthermie-Anlage in Friesach er\u00f6ffnet"},"content":{"rendered":"<p>[et_pb_section fb_built=&#8220;1&#8243; fullwidth=&#8220;on&#8220; _builder_version=&#8220;4.9.9&#8243; _module_preset=&#8220;default&#8220; min_height=&#8220;319.2px&#8220; custom_padding=&#8220;||0px|||&#8220;][et_pb_fullwidth_header title=&#8220;Solarthermie-Anlage Friesach er\u00f6ffnet&#8220; text_orientation=&#8220;center&#8220; image_orientation=&#8220;bottom&#8220; _builder_version=&#8220;4.9.9&#8243; _module_preset=&#8220;default&#8220; background_image=&#8220;https:\/\/kpv-solar.com\/wp-content\/uploads\/2021\/09\/FrisachHeader.jpg&#8220; background_position=&#8220;bottom_center&#8220; min_height=&#8220;461.2px&#8220; custom_margin=&#8220;||25px|||&#8220;][\/et_pb_fullwidth_header][\/et_pb_section][et_pb_section fb_built=&#8220;1&#8243; _builder_version=&#8220;4.9.9&#8243; _module_preset=&#8220;default&#8220; width=&#8220;97.6%&#8220; custom_margin=&#8220;||||false|false&#8220; custom_padding=&#8220;|42px|||false|false&#8220;][et_pb_row _builder_version=&#8220;4.9.9&#8243; _module_preset=&#8220;default&#8220;][et_pb_column type=&#8220;4_4&#8243; _builder_version=&#8220;4.5.8&#8243; _module_preset=&#8220;default&#8220;][et_pb_text _builder_version=&#8220;4.9.9&#8243; _module_preset=&#8220;default&#8220;]<\/p>\n<p style=\"text-align: justify;\"><strong>Gr\u00f6\u00dfte Solarthermie-Anlage \u00d6sterreichs er\u00f6ffnet<\/strong><\/p>\n<p style=\"text-align: justify;\">In Friesach, im K\u00e4rntner Bezirk St.Veit an der Glan, ist vor kurzem die gr\u00f6\u00dfte Solarthermie-Anlage \u00d6sterreichs er\u00f6ffnet worden. Bei der Er\u00f6ffnung anwesend waren u.a. Klimaschutzministerin Leonore Gewessler (Gr\u00fcne) und Landeshauptmann Peter Kaiser (SP\u00d6).<\/p>\n<p style=\"text-align: justify;\">Auf einer Fl\u00e4che von 5.700 Quadratmetern hat die KPV Solar eine Solarthermie-Anlage mit 436 Gro\u00dffl\u00e4chenkollektoren, des K\u00e4rntner Herstellers GreenOneTec, errichtet. Als Betreiber fungiert Unser Kraftwerk, welches das Projekt mittels B\u00fcrgerbeteiligung ins Leben gerufen hat. Wie gewohnt konnten sich hierbei engagierte B\u00fcrger an dem Projekt beteiligen und erhalten daf\u00fcr eine j\u00e4hrliche Verg\u00fctung.<\/p>\n<p style=\"text-align: justify;\">Die erzeugte W\u00e4rme wird \u00fcber einen 1000 m\u00b3 gro\u00dfen Pufferspeicher in das Fernw\u00e4rmenetz der Kelag W\u00e4rme GmbH eingespeist und von dort aus an die Fernw\u00e4rmekunden in Friesach verteilt. Die Anlage versorgt somit, in den Sommermonaten, den kompletten Warmwasserbedarf der regionalen Fernw\u00e4rmekunden. Die Anlage erzeugt eine Leistung von 2,5 Gigawattstunden, was einem Jahresverbrauch von 500 Wohnungen entspricht.<\/p>\n<p style=\"text-align: justify;\">[\/et_pb_text][\/et_pb_column][\/et_pb_row][et_pb_row column_structure=&#8220;1_2,1_2&#8243; _builder_version=&#8220;4.9.9&#8243; _module_preset=&#8220;default&#8220;][et_pb_column type=&#8220;1_2&#8243; _builder_version=&#8220;4.9.9&#8243; _module_preset=&#8220;default&#8220;][et_pb_image src=&#8220;https:\/\/kpv-solar.com\/wp-content\/uploads\/2021\/09\/Friesach_Zeitungsartikel.png&#8220; alt=&#8220;Friesach Solarthermie&#8220; title_text=&#8220;Friesach_Zeitungsartikel&#8220; _builder_version=&#8220;4.9.9&#8243; _module_preset=&#8220;default&#8220;][\/et_pb_image][\/et_pb_column][et_pb_column type=&#8220;1_2&#8243; _builder_version=&#8220;4.9.9&#8243; _module_preset=&#8220;default&#8220;][et_pb_text _builder_version=&#8220;4.9.9&#8243; _module_preset=&#8220;default&#8220;]<\/p>\n<h3>Hier geht&#8217;s zu weiteren Medienberichten:<\/h3>\n<p><\/br><\/p>\n<p> <span class=\"icon_link\"><\/span> HLK-Magazin:<br \/><a href=\"https:\/\/hlk.co.at\/a\/groesste-solarthermie-anlage-oesterreichs-eroeffnet\">www.hlk.co.at\/a\/groesste-solarthermie-anlage-oesterreichs-eroeffnet<\/a><\/p>\n<p><span class=\"icon_link\"><\/span> Industriemagazin:<br \/><a href=\"https:\/\/industriemagazin.at\/a\/groesste-solarthermie-anlage-oesterreichs-eroeffnet\">www.industriemagazin.at\/a\/groesste-solarthermie-anlage-oesterreichs-eroeffnet<\/a><\/p>\n<p><span class=\"icon_link\"><\/span> Salzburger Nachrichten:<br \/><a href=\"https:\/\/www.sn.at\/wirtschaft\/oesterreich\/groesste-solarthermie-anlage-oesterreichs-eroeffnet-108094495\">www.sn.at\/wirtschaft\/oesterreich\/groesste-solarthermie-anlage-oesterreichs-eroeffnet-108094495<\/a><\/p>\n<p><span class=\"icon_link\"><\/span> Kleine Zeitung:<br \/><a href=\"https:\/\/www.kleinezeitung.at\/wirtschaft\/wirtschaftaufmacher\/6021745\/Grossprojekt_Groesste-SolarthermieAnlage-Oesterreichs-in-Friesach\">www.kleinezeitung.at\/wirtschaft\/wirtschaftaufmacher\/6021745\/Grossprojekt_Groesste-SolarthermieAnlage-Oesterreichs-in-Friesach<\/a><\/p>\n<p>[\/et_pb_text][\/et_pb_column][\/et_pb_row][\/et_pb_section]<\/p>\n","protected":false},"excerpt":{"rendered":"<p>KPV Solar errichtete auf einer Fl\u00e4che von 5.700 Quadratmetern die gr\u00f6\u00dfte Solarthermie-Anlage \u00d6sterreichs. Die Anlage ist vor kurzem mit Klimaschutzministerin Leonore Gewessler und Landeshauptmann Peter Kaiser er\u00f6ffnet worden.<\/p>\n","protected":false},"author":2,"featured_media":4153,"comment_status":"closed","ping_status":"closed","sticky":false,"template":"","format":"standard","meta":{"_et_pb_use_builder":"on","_et_pb_old_content":"","_et_gb_content_width":"","footnotes":""},"categories":[29,1],"tags":[],"class_list":["post-4142","post","type-post","status-publish","format-standard","has-post-thumbnail","hentry","category-presseberichte","category-unkategorisiert"],"_links":{"self":[{"href":"https:\/\/kpv-solar.com\/de\/wp-json\/wp\/v2\/posts\/4142","targetHints":{"allow":["GET"]}}],"collection":[{"href":"https:\/\/kpv-solar.com\/de\/wp-json\/wp\/v2\/posts"}],"about":[{"href":"https:\/\/kpv-solar.com\/de\/wp-json\/wp\/v2\/types\/post"}],"author":[{"embeddable":true,"href":"https:\/\/kpv-solar.com\/de\/wp-json\/wp\/v2\/users\/2"}],"replies":[{"embeddable":true,"href":"https:\/\/kpv-solar.com\/de\/wp-json\/wp\/v2\/comments?post=4142"}],"version-history":[{"count":81,"href":"https:\/\/kpv-solar.com\/de\/wp-json\/wp\/v2\/posts\/4142\/revisions"}],"predecessor-version":[{"id":4577,"href":"https:\/\/kpv-solar.com\/de\/wp-json\/wp\/v2\/posts\/4142\/revisions\/4577"}],"wp:featuredmedia":[{"embeddable":true,"href":"https:\/\/kpv-solar.com\/de\/wp-json\/wp\/v2\/media\/4153"}],"wp:attachment":[{"href":"https:\/\/kpv-solar.com\/de\/wp-json\/wp\/v2\/media?parent=4142"}],"wp:term":[{"taxonomy":"category","embeddable":true,"href":"https:\/\/kpv-solar.com\/de\/wp-json\/wp\/v2\/categories?post=4142"},{"taxonomy":"post_tag","embeddable":true,"href":"https:\/\/kpv-solar.com\/de\/wp-json\/wp\/v2\/tags?post=4142"}],"curies":[{"name":"wp","href":"https:\/\/api.w.org\/{rel}","templated":true}]}}