


{"id":4331,"date":"2021-12-22T11:04:49","date_gmt":"2021-12-22T10:04:49","guid":{"rendered":"https:\/\/kpv-solar.com\/?p=4331"},"modified":"2023-03-27T12:49:33","modified_gmt":"2023-03-27T10:49:33","slug":"solarthermie-anlage-in-friesach-eroeffnet-2","status":"publish","type":"post","link":"https:\/\/kpv-solar.com\/de\/solarthermie-anlage-in-friesach-eroeffnet-2\/","title":{"rendered":"<span class=\"icon-newspaper\"><\/span> KPV Solar verdoppelt PV-Fl\u00e4che und vervierfacht die Leistung in Eberstalzell"},"content":{"rendered":"<p>[et_pb_section fb_built=&#8220;1&#8243; fullwidth=&#8220;on&#8220; _builder_version=&#8220;4.9.9&#8243; _module_preset=&#8220;default&#8220; min_height=&#8220;319.2px&#8220; custom_padding=&#8220;||0px|||&#8220;][et_pb_fullwidth_header title=&#8220;Der SolarCampus wurde erweitert&#8220; text_orientation=&#8220;center&#8220; image_orientation=&#8220;bottom&#8220; _builder_version=&#8220;4.9.9&#8243; _module_preset=&#8220;default&#8220; background_image=&#8220;https:\/\/kpv-solar.com\/wp-content\/uploads\/2021\/12\/DJI_0883-scaled.jpg&#8220; min_height=&#8220;461.2px&#8220; custom_margin=&#8220;||25px|||&#8220;][\/et_pb_fullwidth_header][\/et_pb_section][et_pb_section fb_built=&#8220;1&#8243; _builder_version=&#8220;4.9.9&#8243; _module_preset=&#8220;default&#8220; width=&#8220;97.6%&#8220; custom_margin=&#8220;||||false|false&#8220; custom_padding=&#8220;|42px|||false|false&#8220;][et_pb_row _builder_version=&#8220;4.9.9&#8243; _module_preset=&#8220;default&#8220;][et_pb_column type=&#8220;4_4&#8243; _builder_version=&#8220;4.5.8&#8243; _module_preset=&#8220;default&#8220;][et_pb_text _builder_version=&#8220;4.9.9&#8243; _module_preset=&#8220;default&#8220;]<\/p>\n<p><strong>KPV Solar vervierfacht Leistung des Energie AG PV Kraftwerks Eberstalzell<\/strong><\/p>\n<p style=\"text-align: justify;\">\n<p>Energie AG und KPV Solar verbindet eine mehr als 10 Jahre andauernde vertrauensvolle Zusammenarbeit, die mit der Entwicklung und Errichtung von Kraftwerken f\u00fcr Energie AG in Italien begann.<\/p>\n<p>Dieses Jahr wurde die gr\u00f6\u00dfte PV-Forschungsanlage \u00d6sterreichs durch eine technisch unabh\u00e4ngige Anlagenerweiterung erg\u00e4nzt. Die Bestandsanlage des SolarCampus der Energie AG liefert bereits seit 2010 Strom aus Sonnenenergie. Durch die Erweiterung werden die bestehenden Fl\u00e4chen nun vollst\u00e4ndig ausgenutzt und die Leistung des Kraftwerks sogar vervierfacht.<\/p>\n<p>Damit wurde die Erzeugungskapazit\u00e4t um 3.327,28 kWp erweitert, sodass in Zukunft 1.200 statt der urspr\u00fcnglichen 300 Haushalte mit sauberem PV-Strom aus Eberstalzell versorgt werden k\u00f6nnen.<\/p>\n<p>Im Zuge dieser zweiten Bauphase wurden 8.746 Stk. 380 Wp Module des Herstellers JA Solar auf FS Uno Unterkonstruktionen von Schletter, in Kombination mit 28 Wechselrichter SUN2000 100KTL-M1 der Firma Huawei verbaut.<\/p>\n<p>Das Besondere der Anlagenerweiterung ist, dass nicht nur auf freien Fl\u00e4chen im S\u00fcden und Norden der Bestandsanlage, sondern auch zwischen bestehenden Modulreihen gebaut wurde.<\/p>\n<p style=\"text-align: justify;\">\n<p>[\/et_pb_text][\/et_pb_column][\/et_pb_row][et_pb_row column_structure=&#8220;1_2,1_2&#8243; _builder_version=&#8220;4.9.9&#8243; _module_preset=&#8220;default&#8220; background_color=&#8220;RGBA(0,0,0,0)&#8220;][et_pb_column type=&#8220;1_2&#8243; _builder_version=&#8220;4.9.9&#8243; _module_preset=&#8220;default&#8220;][et_pb_text _builder_version=&#8220;4.9.9&#8243; _module_preset=&#8220;default&#8220; custom_padding=&#8220;||25px|||&#8220;]<\/p>\n<p><strong>Modultyp<\/strong>: JA Solar JAM60S20 380\/MR<\/p>\n<p><strong>Modul<\/strong> <strong>Anzahl<\/strong>: 8.756 Stk.<\/p>\n<p><strong>Wechselrichter<\/strong>: Huawei SUN2000 100KTL-M1<\/p>\n<p><strong>Wechselrichter<\/strong> <strong>Anzahl<\/strong>: 28<\/p>\n<p><strong>Unterkonstruktion<\/strong>: Schletter FS Uno<\/p>\n<p><strong>Leistung<\/strong>: 3.327,28 kWp<\/p>\n<p>[\/et_pb_text][\/et_pb_column][et_pb_column type=&#8220;1_2&#8243; _builder_version=&#8220;4.9.9&#8243; _module_preset=&#8220;default&#8220;][et_pb_image src=&#8220;https:\/\/kpv-solar.com\/wp-content\/uploads\/2021\/12\/DJI_0881-1-scaled.jpg&#8220; alt=&#8220;Eberstalzell Bild 2&#8243; title_text=&#8220;Eberstalzell Bild 2&#8243; _builder_version=&#8220;4.9.9&#8243; _module_preset=&#8220;default&#8220; width=&#8220;100%&#8220; min_height=&#8220;47px&#8220; custom_margin=&#8220;||26px|||&#8220; custom_padding=&#8220;0px|||||&#8220;][\/et_pb_image][\/et_pb_column][\/et_pb_row][\/et_pb_section]<\/p>\n","protected":false},"excerpt":{"rendered":"<p>In diesem Jahr wurde die zweite Baustufe des SolarCampus der Energie AG umgesetzt. Dabei konnte die PV-Fl\u00e4che verdoppelt, die Leistung aber gleich vervierfacht werden. <\/p>\n","protected":false},"author":2,"featured_media":4362,"comment_status":"closed","ping_status":"closed","sticky":false,"template":"","format":"standard","meta":{"_et_pb_use_builder":"on","_et_pb_old_content":"","_et_gb_content_width":"","footnotes":""},"categories":[29,1],"tags":[],"class_list":["post-4331","post","type-post","status-publish","format-standard","has-post-thumbnail","hentry","category-presseberichte","category-unkategorisiert"],"_links":{"self":[{"href":"https:\/\/kpv-solar.com\/de\/wp-json\/wp\/v2\/posts\/4331","targetHints":{"allow":["GET"]}}],"collection":[{"href":"https:\/\/kpv-solar.com\/de\/wp-json\/wp\/v2\/posts"}],"about":[{"href":"https:\/\/kpv-solar.com\/de\/wp-json\/wp\/v2\/types\/post"}],"author":[{"embeddable":true,"href":"https:\/\/kpv-solar.com\/de\/wp-json\/wp\/v2\/users\/2"}],"replies":[{"embeddable":true,"href":"https:\/\/kpv-solar.com\/de\/wp-json\/wp\/v2\/comments?post=4331"}],"version-history":[{"count":40,"href":"https:\/\/kpv-solar.com\/de\/wp-json\/wp\/v2\/posts\/4331\/revisions"}],"predecessor-version":[{"id":4408,"href":"https:\/\/kpv-solar.com\/de\/wp-json\/wp\/v2\/posts\/4331\/revisions\/4408"}],"wp:featuredmedia":[{"embeddable":true,"href":"https:\/\/kpv-solar.com\/de\/wp-json\/wp\/v2\/media\/4362"}],"wp:attachment":[{"href":"https:\/\/kpv-solar.com\/de\/wp-json\/wp\/v2\/media?parent=4331"}],"wp:term":[{"taxonomy":"category","embeddable":true,"href":"https:\/\/kpv-solar.com\/de\/wp-json\/wp\/v2\/categories?post=4331"},{"taxonomy":"post_tag","embeddable":true,"href":"https:\/\/kpv-solar.com\/de\/wp-json\/wp\/v2\/tags?post=4331"}],"curies":[{"name":"wp","href":"https:\/\/api.w.org\/{rel}","templated":true}]}}