


{"id":4625,"date":"2023-04-25T16:36:57","date_gmt":"2023-04-25T14:36:57","guid":{"rendered":"https:\/\/kpv-solar.com\/?p=4625"},"modified":"2023-04-25T18:19:52","modified_gmt":"2023-04-25T16:19:52","slug":"hervorragender-projektfortschritt-in-gleinz","status":"publish","type":"post","link":"https:\/\/kpv-solar.com\/de\/hervorragender-projektfortschritt-in-gleinz\/","title":{"rendered":"<span class=\"icon-newspaper\"><\/span> Hervorragender Projektfortschritt in Gleinz"},"content":{"rendered":"<p>[et_pb_section fb_built=&#8220;1&#8243; fullwidth=&#8220;on&#8220; _builder_version=&#8220;4.9.9&#8243; _module_preset=&#8220;default&#8220; min_height=&#8220;319.2px&#8220; custom_padding=&#8220;||0px|||&#8220;][et_pb_fullwidth_header text_orientation=&#8220;center&#8220; image_orientation=&#8220;bottom&#8220; _builder_version=&#8220;4.9.9&#8243; _module_preset=&#8220;default&#8220; background_image=&#8220;https:\/\/kpv-solar.com\/wp-content\/uploads\/2023\/04\/t2dbxzw5.png&#8220; min_height=&#8220;793.2px&#8220; custom_margin=&#8220;-66px||-27px|||&#8220; custom_padding=&#8220;||82px|||&#8220;][\/et_pb_fullwidth_header][\/et_pb_section][et_pb_section fb_built=&#8220;1&#8243; _builder_version=&#8220;4.9.9&#8243; _module_preset=&#8220;default&#8220; width=&#8220;97.6%&#8220; min_height=&#8220;79.7px&#8220; custom_margin=&#8220;40px||||false|false&#8220; custom_padding=&#8220;12px|42px|||false|false&#8220;][et_pb_row _builder_version=&#8220;4.9.9&#8243; _module_preset=&#8220;default&#8220; width=&#8220;80.2%&#8220;][et_pb_column type=&#8220;4_4&#8243; _builder_version=&#8220;4.5.8&#8243; _module_preset=&#8220;default&#8220;][et_pb_text _builder_version=&#8220;4.9.9&#8243; _module_preset=&#8220;default&#8220; custom_margin=&#8220;||27px|||&#8220;]<\/p>\n<p><strong>Hervorragender Projektfortschritt in Gleinz<\/strong><\/p>\n<p>Die Bauarbeiten an der PV-Anlage in Gleinz schreiten beeindruckend schnell voran und das Projekt n\u00e4hert sich seiner Fertigstellung. Das PV-Kraftwerk, bestehend aus insgesamt 10.244 Solarmodulen mit einer Nennleistung von 545 Wp und 550 Wp, wird \u00fcber eine Leistung von 5 MWp verf\u00fcgen. Auf einer Fl\u00e4che von 28.134 m\u00b2 k\u00f6nnen damit j\u00e4hrlich 6 GWh Strom aus erneuerbaren Energien erzeugt werden, was in etwa dem Strombedarf von 1.700 Haushalten entspricht.<\/p>\n<p>Die KPV Solar ist Stotz auf die bisher erzielten Fortschritte dieser Anlage und freut sich \u00fcber eine gro\u00dfe Anzahl an weiteren Projekten, die sich in der Pipeline des Unternehmens befinden.<\/p>\n<p style=\"text-align: justify;\">[\/et_pb_text][\/et_pb_column][\/et_pb_row][\/et_pb_section]<\/p>\n","protected":false},"excerpt":{"rendered":"<p>Die 5 MWp-Anlage in der S\u00fcdoststeiermark nimmt bereits Gestalt an!<\/p>\n","protected":false},"author":2,"featured_media":4639,"comment_status":"closed","ping_status":"closed","sticky":false,"template":"","format":"standard","meta":{"_et_pb_use_builder":"on","_et_pb_old_content":"","_et_gb_content_width":"","footnotes":""},"categories":[29,1],"tags":[],"class_list":["post-4625","post","type-post","status-publish","format-standard","has-post-thumbnail","hentry","category-presseberichte","category-unkategorisiert"],"_links":{"self":[{"href":"https:\/\/kpv-solar.com\/de\/wp-json\/wp\/v2\/posts\/4625","targetHints":{"allow":["GET"]}}],"collection":[{"href":"https:\/\/kpv-solar.com\/de\/wp-json\/wp\/v2\/posts"}],"about":[{"href":"https:\/\/kpv-solar.com\/de\/wp-json\/wp\/v2\/types\/post"}],"author":[{"embeddable":true,"href":"https:\/\/kpv-solar.com\/de\/wp-json\/wp\/v2\/users\/2"}],"replies":[{"embeddable":true,"href":"https:\/\/kpv-solar.com\/de\/wp-json\/wp\/v2\/comments?post=4625"}],"version-history":[{"count":35,"href":"https:\/\/kpv-solar.com\/de\/wp-json\/wp\/v2\/posts\/4625\/revisions"}],"predecessor-version":[{"id":4706,"href":"https:\/\/kpv-solar.com\/de\/wp-json\/wp\/v2\/posts\/4625\/revisions\/4706"}],"wp:featuredmedia":[{"embeddable":true,"href":"https:\/\/kpv-solar.com\/de\/wp-json\/wp\/v2\/media\/4639"}],"wp:attachment":[{"href":"https:\/\/kpv-solar.com\/de\/wp-json\/wp\/v2\/media?parent=4625"}],"wp:term":[{"taxonomy":"category","embeddable":true,"href":"https:\/\/kpv-solar.com\/de\/wp-json\/wp\/v2\/categories?post=4625"},{"taxonomy":"post_tag","embeddable":true,"href":"https:\/\/kpv-solar.com\/de\/wp-json\/wp\/v2\/tags?post=4625"}],"curies":[{"name":"wp","href":"https:\/\/api.w.org\/{rel}","templated":true}]}}